{"id":7701,"date":"2024-05-16T09:05:19","date_gmt":"2024-05-16T09:05:19","guid":{"rendered":"https:\/\/fernandocobosestudio.es\/premio-de-arquitectura-de-castilla-y-leon-otorgado-por-el-consejo-de-colegios-de-arquitectos-en-1998-por-la-restauracion-del-castillo-de-la-mota-copy\/"},"modified":"2024-05-16T09:07:27","modified_gmt":"2024-05-16T09:07:27","slug":"premios-de-asociaciones-culturales","status":"publish","type":"post","link":"https:\/\/fernandocobosestudio.es\/en\/premios-de-asociaciones-culturales\/","title":{"rendered":"PREMIOS DE ASOCIACIONES CULTURALES"},"content":{"rendered":"<p>&nbsp;<\/p>\n<p align=\"justify\"><span style=\"font-size: medium;\"><span style=\"color: #333333;\"><span style=\"font-family: Arial, serif;\">La recuperaci\u00f3n del patrimonio tiene mucha repercusi\u00f3n en la sociedad civil y algunas de nuestras intervenciones han merecido el reconocimiento de diversas asociaciones culturales en Espa\u00f1a, en forma de premios, homenajes o nombramientos honor\u00edficos a las instituciones promotoras o a los t\u00e9cnicos autores del proyecto. Algunos de estos reconocimientos son el de \u00abGran Maestre de Honor 2007\u00bb (Fernando Cobos) de la Asociaci\u00f3n de Amigos de la Noche Templaria de Ponferrada, el de \u00abTenente de la Fortaleza 2007\u00bb (Fernando Cobos) de la Asociaci\u00f3n Amigos del Castillo de Cornatel o el Premio a la Conservaci\u00f3n del Patrimonio concedido por la Asociaci\u00f3n de Vecinos de San Jer\u00f3nimo en el a\u00f1o 2022. As\u00ed mismo han recibido la \u00abMedalla de plata de la Asociaci\u00f3n Espa\u00f1ola de Amigos de los Castillos\u00bb la Junta de Castilla y Le\u00f3n por la restauraci\u00f3n del castillo de La Mota, la Fundaci\u00f3n de Patrimonio de Castilla y Le\u00f3n por la restauraci\u00f3n del castillo de Montealegre, la Xunta de Galicia, por el Plan Director de las Fortalezas Transfronterizas del Mi\u00f1o, y los ayuntamientos de Ponferrada y Trigueros del Valle por las restauraciones realizadas en sus respectivos castillos.<\/span><\/span><\/span><\/p>\n<p align=\"justify\">\n<p align=\"justify\"><img loading=\"lazy\" class=\"alignnone  wp-image-7704\" src=\"https:\/\/fernandocobosestudio.es\/wp-content\/uploads\/2024\/05\/3-141x300.jpg\" alt=\"\" width=\"218\" height=\"464\" srcset=\"https:\/\/fernandocobosestudio.es\/wp-content\/uploads\/2024\/05\/3-141x300.jpg 141w, https:\/\/fernandocobosestudio.es\/wp-content\/uploads\/2024\/05\/3-6x12.jpg 6w, https:\/\/fernandocobosestudio.es\/wp-content\/uploads\/2024\/05\/3.jpg 245w\" sizes=\"(max-width: 218px) 100vw, 218px\" \/><\/p>","protected":false},"excerpt":{"rendered":"<p>&nbsp; La recuperaci\u00f3n del patrimonio tiene mucha repercusi\u00f3n en la sociedad civil y algunas de nuestras intervenciones han merecido el reconocimiento de diversas asociaciones culturales en Espa\u00f1a, en forma de premios, homenajes o nombramientos honor\u00edficos a las instituciones promotoras o [&hellip;]<\/p>","protected":false},"author":1,"featured_media":0,"comment_status":"open","ping_status":"open","sticky":false,"template":"","format":"standard","meta":[],"categories":[215],"tags":[],"_links":{"self":[{"href":"https:\/\/fernandocobosestudio.es\/en\/wp-json\/wp\/v2\/posts\/7701"}],"collection":[{"href":"https:\/\/fernandocobosestudio.es\/en\/wp-json\/wp\/v2\/posts"}],"about":[{"href":"https:\/\/fernandocobosestudio.es\/en\/wp-json\/wp\/v2\/types\/post"}],"author":[{"embeddable":true,"href":"https:\/\/fernandocobosestudio.es\/en\/wp-json\/wp\/v2\/users\/1"}],"replies":[{"embeddable":true,"href":"https:\/\/fernandocobosestudio.es\/en\/wp-json\/wp\/v2\/comments?post=7701"}],"version-history":[{"count":3,"href":"https:\/\/fernandocobosestudio.es\/en\/wp-json\/wp\/v2\/posts\/7701\/revisions"}],"predecessor-version":[{"id":7705,"href":"https:\/\/fernandocobosestudio.es\/en\/wp-json\/wp\/v2\/posts\/7701\/revisions\/7705"}],"wp:attachment":[{"href":"https:\/\/fernandocobosestudio.es\/en\/wp-json\/wp\/v2\/media?parent=7701"}],"wp:term":[{"taxonomy":"category","embeddable":true,"href":"https:\/\/fernandocobosestudio.es\/en\/wp-json\/wp\/v2\/categories?post=7701"},{"taxonomy":"post_tag","embeddable":true,"href":"https:\/\/fernandocobosestudio.es\/en\/wp-json\/wp\/v2\/tags?post=7701"}],"curies":[{"name":"wp","href":"https:\/\/api.w.org\/{rel}","templated":true}]}}