{"id":7759,"date":"2024-05-21T10:34:54","date_gmt":"2024-05-21T10:34:54","guid":{"rendered":"https:\/\/fernandocobosestudio.es\/articulos-sobre-historia-de-la-arquitectura-militar-y-el-urbanismo-en-revistas-especializadas-o-actas-de-congresos-cientificos-copy-copy\/"},"modified":"2024-05-21T10:43:24","modified_gmt":"2024-05-21T10:43:24","slug":"tesis-y-lineas-de-investigacion","status":"publish","type":"post","link":"https:\/\/fernandocobosestudio.es\/en\/tesis-y-lineas-de-investigacion\/","title":{"rendered":"TESIS Y L\u00cdNEAS DE INVESTIGACI\u00d3N"},"content":{"rendered":"<p>&nbsp;<\/p>\n<p>&nbsp;<\/p>\n<p><span style=\"font-family: Calibri, sans-serif;\"><span style=\"font-size: large;\"><u><b>Tesis <\/b><\/u><\/span><\/span><\/p>\n<p><a href=\"https:\/\/ebuah.uah.es\/dspace\/handle\/10017\/41088\"><span style=\"color: #0000ff;\"><u><span style=\"font-family: Calibri, sans-serif;\"><span style=\"font-size: large;\">Cobos Guerra, F. (2017) <\/span><\/span><\/u><\/span><span style=\"color: #0000ff;\"><u><span style=\"font-family: Calibri, sans-serif;\"><span style=\"font-size: large;\"><i>Caracterizaci\u00f3n y Evoluci\u00f3n T\u00e9cnica de la Fortificaci\u00f3n Hisp\u00e1nica (1474-1700)<\/i><\/span><\/span><\/u><\/span><span style=\"color: #0000ff;\"><u><span style=\"font-family: Calibri, sans-serif;\"><span style=\"font-size: large;\"> [Tesis doctoral, Universidad de Alcal\u00e1]. Biblioteca Digital Universidad de Alcal\u00e1.<\/span><\/span><\/u><\/span><\/a><\/p>\n<p><span style=\"font-family: Calibri, sans-serif;\"><span style=\"font-size: large;\"><u><b>Publicaciones doctorandos<\/b><\/u><\/span><\/span><\/p>\n<p><a href=\"https:\/\/funjdiaz.net\/pubfich.php?id=528\"><span style=\"color: #0000ff;\"><u><span style=\"font-family: Calibri, sans-serif;\"><span style=\"font-size: large;\">Canal, R. \u201cT\u00e9cnicas de tapial de cal y canto en la fortificaci\u00f3n de la frontera del Reino de Le\u00f3n\u201d en <\/span><\/span><\/u><\/span><span style=\"color: #0000ff;\"><u><span style=\"font-family: Calibri, sans-serif;\"><span style=\"font-size: large;\"><i>El paisaje de Urue\u00f1a \u2013 Arquitecturas del campo<\/i><\/span><\/span><\/u><\/span><span style=\"color: #0000ff;\"><u><span style=\"font-family: Calibri, sans-serif;\"><span style=\"font-size: large;\">, Abril Revuelta, O. &amp; Clemente San Rom\u00e1n, C. (coord.) Fundaci\u00f3n Joaqu\u00edn D\u00edaz, 2017.<\/span><\/span><\/u><\/span><\/a><\/p>\n<p><span style=\"color: #0000ff;\"><u><a href=\"https:\/\/cajondearquitecto.com\/tag\/rodrigo-canal-arribas\/\"><span style=\"font-family: Calibri, sans-serif;\"><span style=\"font-size: large;\">Art\u00edculos de Rodrigo Canal Arribas en Caj\u00f3n de Arquitecto<\/span><\/span><\/a><\/u><\/span><\/p>\n<p><a href=\"https:\/\/uvadoc.uva.es\/handle\/10324\/39148\"><span style=\"color: #0000ff;\"><u><span style=\"font-family: Calibri, sans-serif;\"><span style=\"font-size: large;\">Oliveros Rojos, I.<\/span><\/span><\/u><\/span><span style=\"color: #0000ff;\"><u><span style=\"font-family: Calibri, sans-serif;\"><span style=\"font-size: large;\"><i> Bases para el an\u00e1lisis e interpretaci\u00f3n de conjuntos patrimoniales complejos<\/i><\/span><\/span><\/u><\/span><span style=\"color: #0000ff;\"><u><span style=\"font-family: Calibri, sans-serif;\"><span style=\"font-size: large;\"> [Trabajo Fin de M\u00e1ster, Universidad de Valladolid] Repositorio documental de la Universidad de Valladolid.<\/span><\/span><\/u><\/span><\/a><\/p>\n<p><span style=\"font-family: Calibri, sans-serif;\"><span style=\"font-size: large;\"><u><b>L\u00edneas de investigaci\u00f3n<\/b><\/u><\/span><\/span><\/p>\n<p><span style=\"font-family: Calibri, sans-serif;\"><span style=\"font-size: large;\"><b>Estratigraf\u00eda Arquitect\u00f3nica:<\/b><\/span><\/span><\/p>\n<ul>\n<li>\n<p align=\"justify\"><span style=\"font-family: Times New Roman, serif;\"><span style=\"font-size: medium;\"><span style=\"color: #0000ff;\"><u><a href=\"https:\/\/dialnet.unirioja.es\/servlet\/articulo?codigo=803743\"><span style=\"font-family: Calibri, sans-serif;\"><span style=\"font-size: large;\">Cobos Guerra, F. \u201cLectura estratigr\u00e1fica y restauraci\u00f3n de f\u00e1bricas\u201d, en Actas de la I Bienal de Restauraci\u00f3 Monumental, L\u00b4Hospitalet de Llobregat, Barcelona, 2002. (pp. 209-219).<\/span><\/span><\/a><\/u><\/span><\/span><\/span><\/p>\n<\/li>\n<li><span style=\"font-family: Times New Roman, serif;\"><span style=\"font-size: medium;\"><span style=\"color: #0000ff;\"><u><a href=\"\/en\/..\/..\/..\/..\/..\/..\/datos\/Dropbox\/Mi%20PC%20(Fernando-PC)\/Downloads\/Dialnet-EstratigrafiaTerritorialDeLosSistemasDefensivosEnL-7898528%20(1).pdf\/\"><span style=\"font-family: Calibri, sans-serif;\"><span style=\"font-size: large;\">Cobos Guerra, F. \u201cEstratigraf\u00eda Territorial de los Sistemas Defensivos en la Raya Central\u201d en O Pelourinho Bolet\u00edn de Relaciones Transfronterizas N\u00ba 21, 2\u00aa \u00e9poca, VI Jornadas de valorizaci\u00f3n de las fortificaciones abalaurtadas de la Raya, Diputaci\u00f3n Provincial de Badajoz, Badajoz, 2017. (pp. 71-92).<\/span><\/span><\/a><\/u><\/span><\/span><\/span><\/li>\n<li>\n<p align=\"justify\"><span style=\"font-family: Calibri, sans-serif;\"><span style=\"font-size: large;\">Cobos Guerra, F: \u201cEstratigraf\u00eda arquitect\u00f3nica y evoluci\u00f3n hist\u00f3rica del Castillo de Maga\u00f1a\u201d, en <i>Revista Cascarita N\u00ba24, El Castillo de Maga\u00f1a, testigo de la historia<\/i>, A.C.R. Amigos de la Villa de Maga\u00f1a, Maga\u00f1a, Soria, 2019.<\/span><\/span><\/p>\n<\/li>\n<li>\n<p align=\"justify\"><span style=\"font-family: Calibri, sans-serif;\"><span style=\"font-size: large;\">Cobos Guerra, F. \u201cSistemas Defensivos, Estratigraf\u00eda territorial y Estratigraf\u00eda arquitect\u00f3nica en las fortificaciones de la provincia de Soria\u201d, en Paseando por la arqueolog\u00eda soriana, c. DE LA Casa, M. Encinas y E. Heras (coord.), Diputaci\u00f3n de Soria, Soria, 2021. (pp. 304-311).<\/span><\/span><\/p>\n<\/li>\n<li><span style=\"font-family: Calibri, sans-serif;\"><span style=\"font-size: large;\">Cobos Guerra, F. \u201cLectura estratigr\u00e1fica de la arquitectura. Metodolog\u00eda y reflexiones de criterio\u201d, MANTVA 3, 2021, 44-70. <\/span><\/span><\/li>\n<\/ul>\n<p><span style=\"font-family: Calibri, sans-serif;\"><span style=\"font-size: large;\"><b>Paisaje Cultural:<\/b><\/span><\/span><\/p>\n<ul>\n<li><span style=\"font-family: Times New Roman, serif;\"><span style=\"font-size: medium;\"><a href=\"https:\/\/www.academia.edu\/108954603\/Regeneraci%C3%B3n_del_paisaje_urbano_a_trav%C3%A9s_de_los_proyectos_de_restauraci%C3%B3n_de_murallas_hist%C3%B3ricas_Talavera_Soria_y_Almaz%C3%A1n\"><span style=\"color: #0000ff;\"><u><span style=\"font-family: Calibri, sans-serif;\"><span style=\"font-size: large;\">Cobos Guerra, F. (2023). Regeneraci\u00f3n del paisaje urbano a trav\u00e9s de los proyectos de restauraci\u00f3n de murallas hist\u00f3ricas: Talavera, Soria y Almaz\u00e1n. <\/span><\/span><\/u><\/span><span style=\"color: #0000ff;\"><u><span style=\"font-family: Calibri, sans-serif;\"><span style=\"font-size: large;\"><i>Patrimonio de La Obra P\u00fablica y de La Ingenier\u00eda Civil<\/i><\/span><\/span><\/u><\/span><span style=\"color: #0000ff;\"><u><span style=\"font-family: Calibri, sans-serif;\"><span style=\"font-size: large;\">, 114\u2013124.<\/span><\/span><\/u><\/span><\/a><\/span><\/span><\/li>\n<li><span style=\"font-family: Calibri, sans-serif;\"><span style=\"font-size: large;\">Cobos Guerra, F. (2024) La arqueolog\u00eda como instrumento de intervenci\u00f3n en el Paisaje Cultural Urbano, <i>Recorriendo la Historia del Municipio de Soria a trav\u00e9s de la Arqueolog\u00eda<\/i>, 298-341.<\/span><\/span><\/li>\n<\/ul>\n<p><span style=\"font-family: Calibri, sans-serif;\"><span style=\"font-size: large;\"><b>Directrices ICOMOS:<\/b><\/span><\/span><\/p>\n<ul>\n<li><span style=\"font-family: Calibri, sans-serif;\"><span style=\"font-size: large;\">Cobos Guerra, F. (2022) \u201cCarta de ICOMOS sobre fortificaciones y patrimonio militar: directrices para su protecci\u00f3n, conservaci\u00f3n e interpretaci\u00f3n\u201d, en Castillos y Arquitectura Fortificada en Andaluc\u00eda. Normas, recomendaciones y criterios para su restauraci\u00f3n, M. d. G\u00f3mez de Terreros Guardiola, &amp; L. P\u00e9rez-Prat Durb\u00e1n, Universidad de Huelva, Huelva, (pp. 29-62). <\/span><\/span><\/li>\n<li><span style=\"font-family: Calibri, sans-serif;\"><span style=\"font-size: large;\">Cobos Guerra, F. (2023). Directrices de ICOMOS sobre fortificaciones y patrimonio militar. <i>Papeles Del Partal. Revista de Restauraci\u00f3n Monumental<\/i>, <i>14<\/i>, 15\u201352.<\/span><\/span><\/li>\n<\/ul>\n<p><span style=\"font-family: Calibri, sans-serif;\"><span style=\"font-size: large;\"><b>Fortificaciones y patrimonio militar:<\/b><\/span><\/span><\/p>\n<ul>\n<li><span style=\"font-family: Times New Roman, serif;\"><span style=\"font-size: medium;\"><span style=\"color: #0000ff;\"><u><a href=\"http:\/\/e-spacio.uned.es\/fez\/eserv\/bibliuned:432\/camara18.pdf\"><span style=\"font-family: Calibri, sans-serif;\"><span style=\"font-size: large;\">C\u00e1mara, A. &amp; Cobos, F. \u201cLa experiencia de la monarqu\u00eda espa\u00f1ola en la fortificaci\u00f3n mar\u00edtima del mediterr\u00e1neo y su proyecci\u00f3n en el caribe\u201d, en Actas del congreso internacional de fortificaci\u00f3 i frontera mar\u00edtima Ibiza 2003, Ayuntamiento de Ibiza, Edici\u00f3n digital, 2005.<\/span><\/span><\/a><\/u><\/span><\/span><\/span><\/li>\n<li><span style=\"font-family: Times New Roman, serif;\"><span style=\"font-size: medium;\"><span style=\"color: #0000ff;\"><u><a href=\"https:\/\/ceclmdigital.uclm.es\/viewer.vm?id=0002833268&amp;page=1&amp;search=&amp;lang=es&amp;view=prensa\"><span style=\"font-family: Calibri, sans-serif;\"><span style=\"font-size: large;\">Cobos Guerra, F. &amp; de Castro, J. \u201cVillafuerte. Aspectos hist\u00f3ricos, arquitect\u00f3nicos y epigr\u00e1ficos\u201d, en Castillos de Espa\u00f1a: publicaci\u00f3n de la Asociaci\u00f3n Espa\u00f1ola de Amigos de los Castillos N\u00ba 90, en colaboraci\u00f3n con J. J. de Castro, 1985. (pp.3-19).<\/span><\/span><\/a><\/u><\/span><\/span><\/span><\/li>\n<li><span style=\"font-family: Calibri, sans-serif;\"><span style=\"font-size: large;\">Cobos Guerra, F. \u00abEl archivo de la Real Chanciller\u00eda de Valladolid como fuente para el estudio de la arquitectura militar.\u00bb, en <i>Tesoros de la Real Chanciller\u00eda de Valladolid, cat\u00e1logo de la exposici\u00f3n<\/i>, Ministerio de Cultura, Valladolid, 1989. <\/span><\/span><\/li>\n<li><span style=\"font-family: Calibri, sans-serif;\"><span style=\"font-size: large;\">Cobos Guerra, F. \u00abLos castillos se\u00f1oriales de la Escuela de Valladolid.\u00bb, en Actas del 1\u00ba Congreso de Medievalismo y Neomedievalismo en la arquitectura espa\u00f1ola, Universidad de Salamanca, \u00c1vila, 1990. (pp. 147-164).<\/span><\/span><\/li>\n<li><span style=\"font-family: Calibri, sans-serif;\"><span style=\"font-size: large;\">Cobos Guerra, F. \u00abLa apariencia de los castillos -convento y el castillo de Villalba de los Alcores\u00bb, en Actas del 2\u00ba Congreso de Medievalismo y Neomedievalismo en la arquitectura espa\u00f1ola, Universidad de Salamanca, (En Prensa). <\/span><\/span><\/li>\n<li><span style=\"font-family: Calibri, sans-serif;\"><span style=\"font-size: large;\">Cobos Guerra, F., de Castro, J. &amp; Dur\u00e1n, C. \u201cUn castillo para un virrey. La mansi\u00f3n del guerrero en San Leonardo (Soria)\u201d, en Anales de arquitectura N\u00ba4, 1992. (pp.29-36).<\/span><\/span><\/li>\n<li><span style=\"font-family: Times New Roman, serif;\"><span style=\"font-size: medium;\"><span style=\"color: #0000ff;\"><u><a href=\"http:\/\/aeam.es\/iv-congreso-de-arqueologia-medieval-espanola\/\"><span style=\"font-family: Calibri, sans-serif;\"><span style=\"font-size: large;\">Cobos Guerra, F. &amp; de Castro, J. \u00abAn\u00e1lisis cr\u00edtico de las Estructuras Urbanas y Defensivas de la villa de Berlanga (Soria)\u00bb, en Actas del 4\u00ba Congreso de Arqueolog\u00eda Medieval Espa\u00f1ola, Alicante, 1993. (pp. 223-234).<\/span><\/span><\/a><\/u><\/span><\/span><\/span><\/li>\n<li><span style=\"font-family: Calibri, sans-serif;\"><span style=\"font-size: large;\">Cobos Guerra, F. Cat\u00e1logo de la exposici\u00f3n \u00abLa paz y la guerra en la \u00e9poca del Tratado de Tordesillas\u00bb, Burgos, 1994. (pp. 287,312-313,324-326,335-338). <\/span><\/span><\/li>\n<li><span style=\"font-family: Calibri, sans-serif;\"><span style=\"font-size: large;\">Cobos Guerra, F. \u00abFortalezas de Frontera en Castilla y Le\u00f3n\u00bb, en Revista Medio Ambiente a\u00f1o 2 N\u00ba3, Junta de Castilla y Le\u00f3n, 1995. <\/span><\/span><\/li>\n<li><span style=\"font-family: Calibri, sans-serif;\"><span style=\"font-size: large;\">Cobos Guerra, F. \u201cEtapas constructivas del castillo de la Mota\u00bb, en Actas del 1\u00ba Congreso de Castillolog\u00eda Ib\u00e9rica, Aguilar de Campo\u00f3, 1994, Diputaci\u00f3n Provincial de Palencia, Palencia, 1998. (pp. 275-294). <\/span><\/span><\/li>\n<li><span style=\"font-family: Calibri, sans-serif;\"><span style=\"font-size: large;\">Cobos Guerra, F. &amp; de Castro, J. \u201cLa fortaleza de Salsas y la fortificaci\u00f3n de transici\u00f3n espa\u00f1ola\u201d, en Castillos de Espa\u00f1a: publicaci\u00f3n de la Asociaci\u00f3n Espa\u00f1ola de Amigos de los Castillos N\u00ba 110-111, 1998. (pp. 19-30).<\/span><\/span><\/li>\n<li><span style=\"font-family: Times New Roman, serif;\"><span style=\"font-size: medium;\"><span style=\"color: #0000ff;\"><u><a href=\"https:\/\/gladius.revistas.csic.es\/index.php\/gladius\/article\/view\/73\/74\"><span style=\"font-family: Calibri, sans-serif;\"><span style=\"font-size: large;\">Cobos Guerra, F. \u201cArtiller\u00eda y Poliorc\u00e9tica en las Estrategias de Fernando el Cat\u00f3lico contra Francia (Documentos para su Estudio)\u201d, en Gladius: estudios sobre armas antiguas, armamento, arte militar y vida cultural en Oriente y Occidente N\u00ba 20, en colaboraci\u00f3n con J. J. de Castro, 2000. (pp. 251-268).<\/span><\/span><\/a><\/u><\/span><\/span><\/span><\/li>\n<li><span style=\"font-family: Calibri, sans-serif;\"><span style=\"font-size: large;\">Cobos Guerra, F. &amp; Retuerce Velasco, M. \u201cEsquema del dominio pol\u00edtico del Duero Superior en la Edad Media\u201d, en Actas del V congreso de Arqueolog\u00eda Medieval Espa\u00f1ola, Valladolid 1999, Junta de Castilla y Le\u00f3n, Consejer\u00eda de Educaci\u00f3n y Cultura: Asociaci\u00f3n Espa\u00f1ola de Arqueolog\u00eda Medieval, Valladolid, 2001. (pp. 759-774).<\/span><\/span><\/li>\n<li><span style=\"font-family: Calibri, sans-serif;\"><span style=\"font-size: large;\">Cobos Guerra, F. \u201cArtiller\u00eda y fortificaci\u00f3n Ib\u00e9rica de Transici\u00f3n en torno a 1500\u201d, en Mil Anos de Fortifica\u00e7oes na Pen\u00ednsula Ib\u00e9rica e no Magreb (500-1500) Simp\u00f3sio Internacional sobre Castelos, 2000 Castelos, Portugal, Ediciones Colibri, Espa\u00f1a, 2002. (pp. 677-696).<\/span><\/span><\/li>\n<li><span style=\"font-family: Calibri, sans-serif;\"><span style=\"font-size: large;\">Cobos Guerra, F. \u201cPallas y Minerva, militares e ingenieros en la corona espa\u00f1ola en el siglo XVI\u201d, en Actas del Congreso Internacional Fortezze d\u2019Europa. Forme, professioni e mestieri dell\u2019architettura difensiva in Europa e nel Mediterr\u00e1neo spagnolo, L\u2019Aquila, Italia, 2004. <\/span><\/span><\/li>\n<li><span style=\"font-family: Calibri, sans-serif;\"><span style=\"font-size: large;\">Cobos Guerra, F. \u201cDessins de fortification dans \u201cOs desenhos das antigualhas\u201d du portugais Francisco de Holanda (1538-1540)\u201d, en Actas de las jornadas de estudio Atlas militaires manuscrits europeens, Paris, 2004<\/span><\/span><\/li>\n<li><span style=\"font-family: Calibri, sans-serif;\"><span style=\"font-size: large;\">Cobos Guerra, F. \u201cTecniche ossidionali e difensive aragonesi e spagnole\u201d, en Actas del congreso internacional Castel Sismondo e l`arte Militare del Primo Rinascimento, R\u00edmini, Italia, 2004.<\/span><\/span><\/li>\n<li><span style=\"font-family: Times New Roman, serif;\"><span style=\"font-size: medium;\"><span style=\"color: #0000ff;\"><u><a href=\"https:\/\/www.cm-almeida.pt\/flipbook\/ceama-no1-2008\/\"><span style=\"font-family: Calibri, sans-serif;\"><span style=\"font-size: large;\">Cobos Guerra, F. \u201cEngineers and Spanish Fortification schools in Europe and America\u201d, en CEAMA N\u00ba 1, Almeida, Portugal, 2008. (pp. 39-60).<\/span><\/span><\/a><\/u><\/span><\/span><\/span><\/li>\n<li><span style=\"font-family: Times New Roman, serif;\"><span style=\"font-size: medium;\"><span style=\"color: #0000ff;\"><u><a href=\"https:\/\/www.academiadelpartal.org\/contenidos\/uploads\/B_Castillo_de_la_Mota_F_Cobos.pdf\"><span style=\"font-family: Calibri, sans-serif;\"><span style=\"font-size: large;\">Cobos Guerra, F. \u201cLos procesos constructivos del Castillo de la Mota entre los siglos XII y XV\u201d, en Construir la ciudad en la Edad Media, B. Ariaga y J. Sol\u00f3rzano (ed.), Instituto de estudios riojanos, Logro\u00f1o, 2010. (pp. 211-254).<\/span><\/span><\/a><\/u><\/span><\/span><\/span><\/li>\n<li><span style=\"font-family: Times New Roman, serif;\"><span style=\"font-size: medium;\"><span style=\"color: #0000ff;\"><u><a href=\"http:\/\/realacademiaconcepcion.multilingualforums.com\/index_files\/pub4.htm\"><span style=\"font-family: Calibri, sans-serif;\"><span style=\"font-size: large;\">Cobos Guerra, F. \u00abLos Castillos de La Mota en Medina del Campo\u00bb, en Conocer Valladolid, IV Curso de patrimonio cultural 2010-11, Ayuntamiento de Valladolid y Real Academia de Bellas Artes de la Pur\u00edsima Concepci\u00f3n, Valladolid, 2011.<\/span><\/span><\/a><\/u><\/span><\/span><\/span><\/li>\n<li><span style=\"font-family: Times New Roman, serif;\"><span style=\"font-size: medium;\"><span style=\"color: #0000ff;\"><u><a><span style=\"font-family: Calibri, sans-serif;\"><span style=\"font-size: large;\">Cobos Guerra, F. \u00abUna visi\u00f3n integral de las Escuelas y los escenarios de la fortificaci\u00f3n espa\u00f1ola de los siglos XVI, XVII y XVII\u00bb, en Actas IV Congreso de Castillolog\u00eda, Asociaci\u00f3n de Amigos de los Castillos, Madrid, 2012. (pp. 1-48).<\/span><\/span><\/a><\/u><\/span><\/span><\/span><\/li>\n<li><span style=\"font-family: Times New Roman, serif;\"><span style=\"font-size: medium;\"><span style=\"color: #0000ff;\"><u><a href=\"https:\/\/www.cm-almeida.pt\/flipbook\/ceama-no10-2013\/\"><span style=\"font-family: Calibri, sans-serif;\"><span style=\"font-size: large;\">Cobos Guerra, F. \u00abHenriques de Villegas, the first great Portuguese treatise writer on Fortification in the 17th century\u00bb, en CEAMA N\u00ba 10, Almeida, Portugal, 2013. (pp. 181-200).<\/span><\/span><\/a><\/u><\/span><\/span><\/span><\/li>\n<li><span style=\"font-family: Calibri, sans-serif;\"><span style=\"font-size: large;\">Cobos Guerra, F. \u00abLas fronteras mar\u00edtimas de la Monarqu\u00eda hisp\u00e1nica y los Antonelli: entre el Mediterr\u00e1neo y Am\u00e9rica\u00bb, en Las fortificaciones de los Antonelli en Cuba, siglos XVI-XVII: Palacio de Gobierno Militar de Barcelona, octubre-diciembre 2013, Galland Books, Valladolid, 2013.<\/span><\/span><\/li>\n<li><span style=\"font-family: Times New Roman, serif;\"><span style=\"font-size: medium;\"><span style=\"color: #0000ff;\"><u><a href=\"https:\/\/www.cm-almeida.pt\/flipbook\/ceama-no12-2015\/\"><span style=\"font-family: Calibri, sans-serif;\"><span style=\"font-size: large;\">Cobos Guerra, F. \u201cA Fortifica\u00e7ao Ib\u00e9rica do primeiro Renascimento (1477-1538) e sua influencia no Mediterr\u00e2neo: alguns aspectos t\u00e9cnicos\u201d, en CEAMA N\u00ba 12, Almeida, Portugal, 2015. (pp.41-62).<\/span><\/span><\/a><\/u><\/span><\/span><\/span><\/li>\n<li><span style=\"font-family: Times New Roman, serif;\"><span style=\"font-size: medium;\"><span style=\"color: #0000ff;\"><u><a href=\"https:\/\/www.cm-almeida.pt\/flipbook\/ceama-no13-2016\/\"><span style=\"font-family: Calibri, sans-serif;\"><span style=\"font-size: large;\">Cobos Guerra, F. \u201cO Sistema de Fortifica\u00e7ao Fronteiri\u00e7o do antigo Reino de Le\u00e3o frente a Portugal e Castela (1161-1230)\u201d, en CEAMA N\u00ba13, Almeida, Portugal, 2016. (pp.36-84).<\/span><\/span><\/a><\/u><\/span><\/span><\/span><\/li>\n<li><span style=\"font-family: Times New Roman, serif;\"><span style=\"font-size: medium;\"><span style=\"color: #0000ff;\"><u><a href=\"https:\/\/www.cm-almeida.pt\/flipbook\/ceama-no17-2017\/\"><span style=\"font-family: Calibri, sans-serif;\"><span style=\"font-size: large;\">Cobos Guerra, F. \u201cExcepcionalidade e Representa\u00e7ao, marcos e sintese Tecnologica na Fortica\u00e7ao de frontera\u201d, en CEAMA N\u00ba 17, Almeida,Portugal, 2017. (pp.49-73).<\/span><\/span><\/a><\/u><\/span><\/span><\/span><\/li>\n<li><span style=\"font-family: Calibri, sans-serif;\"><span style=\"font-size: large;\">Cobos Guerra, F. \u201cLos castillos \u00abde morro\u00bb y la fortificaci\u00f3n de la frontera mar\u00edtima hisp\u00e1nica\u201d, en Desperta Ferro: Especiales N\u00ba 11, Espa\u00f1a, 2017. (pp. 39-43).<\/span><\/span><\/li>\n<li><span style=\"font-family: Times New Roman, serif;\"><span style=\"font-size: medium;\"><span style=\"color: #0000ff;\"><u><a href=\"https:\/\/publicaciones.defensa.gob.es\/congreso-internacional-icofort-2018-libros-ebook.html\"><span style=\"font-family: Calibri, sans-serif;\"><span style=\"font-size: large;\">Cobos Guerra, F. \u201cSalsas, Vauban y San Felipe de Mah\u00f3n: elogio de la casamata\u201d, en Actas del Congreso Internacional ICOFORT 2018, San Fernando de Figueras, 2018. (pp. 23-48).<\/span><\/span><\/a><\/u><\/span><\/span><\/span><\/li>\n<li><span style=\"font-family: Times New Roman, serif;\"><span style=\"font-size: medium;\"><span style=\"color: #0000ff;\"><u><a href=\"https:\/\/wetransfer.com\/downloads\/e78bdb062dd83eb63aac61b1668a308020230712073605\/de75f2\"><span style=\"font-family: Calibri, sans-serif;\"><span style=\"font-size: large;\">Cobos Guerra, F. \u201cLa frontera mar\u00edtima de la corona hisp\u00e1nica en los siglos XVI-XVII (caracterizaci\u00f3n como sistema territorial de car\u00e1cter global)\u201d, en Simposio internacional Apuntando ao mar: Las defensas costeras del territorio, Ferrol, 2023. (pp. 71-104).<\/span><\/span><\/a><\/u><\/span><\/span><\/span><\/li>\n<\/ul>\n<p>&nbsp;<\/p>\n<p>&nbsp;<\/p>","protected":false},"excerpt":{"rendered":"<p>&nbsp; &nbsp; Tesis Cobos Guerra, F. (2017) Caracterizaci\u00f3n y Evoluci\u00f3n T\u00e9cnica de la Fortificaci\u00f3n Hisp\u00e1nica (1474-1700) [Tesis doctoral, Universidad de Alcal\u00e1]. Biblioteca Digital Universidad de Alcal\u00e1. Publicaciones doctorandos Canal, R. \u201cT\u00e9cnicas de tapial de cal y canto en la fortificaci\u00f3n [&hellip;]<\/p>","protected":false},"author":1,"featured_media":0,"comment_status":"open","ping_status":"open","sticky":false,"template":"","format":"standard","meta":[],"categories":[216],"tags":[],"_links":{"self":[{"href":"https:\/\/fernandocobosestudio.es\/en\/wp-json\/wp\/v2\/posts\/7759"}],"collection":[{"href":"https:\/\/fernandocobosestudio.es\/en\/wp-json\/wp\/v2\/posts"}],"about":[{"href":"https:\/\/fernandocobosestudio.es\/en\/wp-json\/wp\/v2\/types\/post"}],"author":[{"embeddable":true,"href":"https:\/\/fernandocobosestudio.es\/en\/wp-json\/wp\/v2\/users\/1"}],"replies":[{"embeddable":true,"href":"https:\/\/fernandocobosestudio.es\/en\/wp-json\/wp\/v2\/comments?post=7759"}],"version-history":[{"count":3,"href":"https:\/\/fernandocobosestudio.es\/en\/wp-json\/wp\/v2\/posts\/7759\/revisions"}],"predecessor-version":[{"id":7763,"href":"https:\/\/fernandocobosestudio.es\/en\/wp-json\/wp\/v2\/posts\/7759\/revisions\/7763"}],"wp:attachment":[{"href":"https:\/\/fernandocobosestudio.es\/en\/wp-json\/wp\/v2\/media?parent=7759"}],"wp:term":[{"taxonomy":"category","embeddable":true,"href":"https:\/\/fernandocobosestudio.es\/en\/wp-json\/wp\/v2\/categories?post=7759"},{"taxonomy":"post_tag","embeddable":true,"href":"https:\/\/fernandocobosestudio.es\/en\/wp-json\/wp\/v2\/tags?post=7759"}],"curies":[{"name":"wp","href":"https:\/\/api.w.org\/{rel}","templated":true}]}}